{"id":810,"date":"2018-03-30T14:14:03","date_gmt":"2018-03-30T14:14:03","guid":{"rendered":"https:\/\/www.leskinen.net\/blogi\/?p=810"},"modified":"2019-06-30T07:56:27","modified_gmt":"2019-06-30T07:56:27","slug":"kuin-toisesta-maailmasta","status":"publish","type":"post","link":"https:\/\/www.leskinen.net\/blogi\/kuin-toisesta-maailmasta\/","title":{"rendered":"Maaliskuun kolumni: \u201dKuin toisesta maailmasta\u201d"},"content":{"rendered":"<p>Helmikuussa jouduttiin todistamaan kerrassaan uskomatonta episodia, kun Puola s\u00e4\u00e4ti uuden \u201dholokaustilain\u201d, jolla kiellet\u00e4\u00e4n maan osallisuus toisen maailmansodan aikaisiin rikoksiin ihmisyytt\u00e4 vastaan.<\/p>\n<p>Johtava puolue, populistinen Laki ja oikeus (PiS), laittoi alulle lain, jonka my\u00f6t\u00e4 maassa voi saada jopa kolme vuotta vankeutta, jos mainitsee miehitetyn Puolan olleen syyllinen tai osallinen juutalaisiin kohdistuviin rikoksiin natsivallan aikana.<!--more--><\/p>\n<p>Puolan p\u00e4\u00e4t\u00f6s osoittaa suurta kyvytt\u00f6myytt\u00e4 kohdata valtion oman menneisyyden synkki\u00e4 puolia. Ilmi\u00f6 ei ole vieras: pitk\u00e4n aikaa tutkijat ovat eri historiak\u00e4sityksi\u00e4 tulkitessaan todenneet, ett\u00e4 kansojen omat historiat kirjoitetaan l\u00e4hes poikkeuksetta positiivisiksi kertomuksiksi.<\/p>\n<p>Samaan aikaan Suomessa vietet\u00e4\u00e4n vuoden 1918 muistovuotta. On ollut huojentavaa huomata, ett\u00e4 sis\u00e4llissodan perint\u00f6\u00e4 on osattu puida avoimesti ja rehellisesti. Pelko satavuotisesta vaikenemisesta on paljastumassa aiheettomaksi.<\/p>\n<p>Ehj\u00e4 kansallinen kertomus ei voi kielt\u00e4\u00e4 tai j\u00e4tt\u00e4\u00e4 k\u00e4sittelem\u00e4tt\u00e4 menneisyyden synkki\u00e4 vaiheita, vaikka ne sattuisivat suoraan kansallisen identiteetin ytimeen. Suomen itsen\u00e4istyess\u00e4 ei luotu yhten\u00e4ist\u00e4 kansaa, vaan kahtia jakaantunut kansakunta, joka ajautui v\u00e4kivaltaan itse\u00e4\u00e4n vastaan.<\/p>\n<p>Vuosi 1918 on meille edelleen vieras, tapahtumat ovat kuin toisesta maailmasta.<\/p>\n<p>Oman historian aukoton kirjoittaminen on haastava prosessi. Kipeimmist\u00e4 asioista on teht\u00e4v\u00e4 v\u00e4hint\u00e4\u00e4nkin kansallisen eheytymisen ja itsetutkiskelun v\u00e4lineit\u00e4. Menneisyyden avointa k\u00e4sittely\u00e4 est\u00e4vill\u00e4 taas on edess\u00e4\u00e4n kivinen tie.<\/p>\n<p><em>Julkaistu KD-Lehdess\u00e4 maaliskuussa 2018.<\/em><\/p>\n","protected":false},"excerpt":{"rendered":"<p>On ollut huojentavaa huomata, ett\u00e4 sis\u00e4llissodan perint\u00f6\u00e4 on osattu puida avoimesti ja rehellisesti. Pelko satavuotisesta vaikenemisesta on paljastumassa aiheettomaksi.<\/p>\n","protected":false},"author":1,"featured_media":816,"comment_status":"open","ping_status":"open","sticky":false,"template":"","format":"standard","meta":{"footnotes":""},"categories":[6],"tags":[],"class_list":["post-810","post","type-post","status-publish","format-standard","has-post-thumbnail","hentry","category-historia"],"_links":{"self":[{"href":"https:\/\/www.leskinen.net\/blogi\/wp-json\/wp\/v2\/posts\/810"}],"collection":[{"href":"https:\/\/www.leskinen.net\/blogi\/wp-json\/wp\/v2\/posts"}],"about":[{"href":"https:\/\/www.leskinen.net\/blogi\/wp-json\/wp\/v2\/types\/post"}],"author":[{"embeddable":true,"href":"https:\/\/www.leskinen.net\/blogi\/wp-json\/wp\/v2\/users\/1"}],"replies":[{"embeddable":true,"href":"https:\/\/www.leskinen.net\/blogi\/wp-json\/wp\/v2\/comments?post=810"}],"version-history":[{"count":4,"href":"https:\/\/www.leskinen.net\/blogi\/wp-json\/wp\/v2\/posts\/810\/revisions"}],"predecessor-version":[{"id":1527,"href":"https:\/\/www.leskinen.net\/blogi\/wp-json\/wp\/v2\/posts\/810\/revisions\/1527"}],"wp:featuredmedia":[{"embeddable":true,"href":"https:\/\/www.leskinen.net\/blogi\/wp-json\/wp\/v2\/media\/816"}],"wp:attachment":[{"href":"https:\/\/www.leskinen.net\/blogi\/wp-json\/wp\/v2\/media?parent=810"}],"wp:term":[{"taxonomy":"category","embeddable":true,"href":"https:\/\/www.leskinen.net\/blogi\/wp-json\/wp\/v2\/categories?post=810"},{"taxonomy":"post_tag","embeddable":true,"href":"https:\/\/www.leskinen.net\/blogi\/wp-json\/wp\/v2\/tags?post=810"}],"curies":[{"name":"wp","href":"https:\/\/api.w.org\/{rel}","templated":true}]}}